[{"@context":"https:\/\/schema.org\/","@type":"Article","@id":"https:\/\/www.ltlm.cz\/kdyz-se-vam-neco-nelibi-jednoduse-to-zmente\/#Article","mainEntityOfPage":"https:\/\/www.ltlm.cz\/kdyz-se-vam-neco-nelibi-jednoduse-to-zmente\/","headline":"Kdy\u017e se V\u00e1m n\u011bco nel\u00edb\u00ed, jednodu\u0161e to zm\u011b\u0148te","name":"Kdy\u017e se V\u00e1m n\u011bco nel\u00edb\u00ed, jednodu\u0161e to zm\u011b\u0148te","description":"Ano, v sou\u010dasnosti je situaci ji\u017e tak jednoduchou, \u017ee skute\u010dn\u011b nen\u00ed nutn\u00e9 se \u0159adu let tr\u00e1pit a zat\u011b\u017eovat s okolnostmi, kter\u00e9 jsou docela dob\u0159e ovlivniteln\u00e9 Va\u0161\u00ed vlastn\u00ed v\u016fl\u00ed a u\u010din\u011bn\u00fdmi rozhodnut\u00edmi. Stejn\u011b jako nap\u0159\u00edklad v oblasti obl\u00e9k\u00e1n\u00ed, i v p\u0159\u00edpad\u011b Va\u0161eho vlastn\u00edho t\u011blesn\u00e9ho vzhledu je mo\u017en\u00e9 mnoh\u00e9 poci\u0165ovan\u00e9 nedostatky napravit \u010di alespo\u0148 kompenzovat. T\u00edm sp\u00ed\u0161e...","datePublished":"2025-01-21","dateModified":"2025-01-21","author":{"@type":"Person","@id":"https:\/\/www.ltlm.cz\/author\/devene\/#Person","name":"devene","url":"https:\/\/www.ltlm.cz\/author\/devene\/","identifier":1,"image":{"@type":"ImageObject","@id":"https:\/\/secure.gravatar.com\/avatar\/f08fec9e5d161146672022190172bcb121f980bd7a64f251ea643f4b19d0f071?s=96&d=mm&r=g","url":"https:\/\/secure.gravatar.com\/avatar\/f08fec9e5d161146672022190172bcb121f980bd7a64f251ea643f4b19d0f071?s=96&d=mm&r=g","height":96,"width":96}},"publisher":{"@type":"Organization","name":"ltlm.cz","logo":{"@type":"ImageObject","@id":"\/logo.png","url":"\/logo.png","width":600,"height":60}},"url":"https:\/\/www.ltlm.cz\/kdyz-se-vam-neco-nelibi-jednoduse-to-zmente\/","wordCount":190,"articleBody":"Ano, v sou\u010dasnosti je situaci ji\u017e tak jednoduchou, \u017ee skute\u010dn\u011b nen\u00ed nutn\u00e9 se \u0159adu let tr\u00e1pit a zat\u011b\u017eovat s okolnostmi, kter\u00e9 jsou docela dob\u0159e ovlivniteln\u00e9 Va\u0161\u00ed vlastn\u00ed v\u016fl\u00ed a u\u010din\u011bn\u00fdmi rozhodnut\u00edmi. Stejn\u011b jako nap\u0159\u00edklad v oblasti obl\u00e9k\u00e1n\u00ed, i v p\u0159\u00edpad\u011b Va\u0161eho vlastn\u00edho t\u011blesn\u00e9ho vzhledu je mo\u017en\u00e9 mnoh\u00e9 poci\u0165ovan\u00e9 nedostatky napravit \u010di alespo\u0148 kompenzovat. T\u00edm sp\u00ed\u0161e v oblasti procedur zam\u011b\u0159en\u00fdch na kr\u00e1su \u017eeny. Kr\u00e1sn\u00e1 a spokojen\u00e1 se sv\u00fdm vzhledem m\u016f\u017ee b\u00fdt ka\u017ed\u00e1 \u017eena Ona nejen\u017ee m\u016f\u017ee, ale zejm\u00e9na chce. Proto\u017ee spokojen\u00e1 \u017eena je \u0161\u0165astn\u00e1 \u017eena a proto\u017ee spokojenost se sebou sam\u00fdm vede k pozitivn\u011bj\u0161\u00edmu pohledu na sv\u011bt okolo n\u00e1s. Sch\u00e1z\u00ed-li V\u00e1m v\u0161ak k dosa\u017een\u00ed tohoto stavu kr\u00e1sn\u00e9 vlasy po\u017eadovan\u00fdch parametr\u016f, obra\u0165te se na n\u00e1s. V r\u00e1mci na\u0161ich zku\u0161enost\u00ed s prodlu\u017eov\u00e1n\u00edm vlas\u016f V\u00e1m budeme schopni pomoci b\u011bhem n\u011bkolika m\u00e1lo hodin.                                                                                                                                                                                                                                                                                                                                                                                        4.5\/5 - (2 votes)        "},{"@context":"https:\/\/schema.org\/","@type":"BreadcrumbList","itemListElement":[{"@type":"ListItem","position":1,"name":"Kdy\u017e se V\u00e1m n\u011bco nel\u00edb\u00ed, jednodu\u0161e to zm\u011b\u0148te","item":"https:\/\/www.ltlm.cz\/kdyz-se-vam-neco-nelibi-jednoduse-to-zmente\/#breadcrumbitem"}]}]